{"id":5257,"date":"2019-01-25T15:34:18","date_gmt":"2019-01-25T15:34:18","guid":{"rendered":"https:\/\/www.psw-consulting.de\/blog\/?p=5257"},"modified":"2019-01-25T15:34:18","modified_gmt":"2019-01-25T15:34:18","slug":"europaeischer-datenschutztag-aktionstag-fuer-das-recht-auf-informationelle-selbstbestimmung","status":"publish","type":"post","link":"https:\/\/www.psw-consulting.de\/blog\/europaeischer-datenschutztag-aktionstag-fuer-das-recht-auf-informationelle-selbstbestimmung\/","title":{"rendered":"Europ\u00e4ischer Datenschutztag: Aktionstag f\u00fcr das Recht auf informationelle Selbstbestimmung"},"content":{"rendered":"<p>Die Digitalisierung ist im Gange \u2013 es werden immer mehr pers\u00f6nliche Daten verarbeitet. Oft jedoch wissen die Betroffenen gar nicht, was mit ihren Daten passiert oder welche Rechte ihnen zustehen. Deshalb findet am t mit dem Europ\u00e4ischen Datenschutztag ein Aktionstag statt, der Europas B\u00fcrgerinnen und B\u00fcrger f\u00fcr den Datenschutz sowie f\u00fcrs Recht auf informelle Selbstbestimmung sensibilisieren soll.<\/p>\n<h2>Europ\u00e4ischer Datenschutztag: Wichtiger denn je<\/h2>\n<p>Mit dem 25. Mai 2018 \u00e4nderte sich vieles in Europa: Die Datenschutz-Grundverordnung (DSGVO) trat verpflichtend f\u00fcr alle europ\u00e4ischen Unternehmen in Kraft. Wenngleich die Daten der europ\u00e4ischen B\u00fcrger somit besser gesch\u00fctzt sind, bleibt Cyberkriminalit\u00e4t, etwa durch Datenlecks, ein riesiges Thema. Aus diesem Grunde ist der diesj\u00e4hrige Datenschutztag interessanter und wichtiger denn je.<\/p>\n<p>Der Aktionstag f\u00fcr den Datenschutz beruht auf einer Initiative des Europarats. Ziel ist es, europ\u00e4ische B\u00fcrger f\u00fcr die Thematik des Datenschutzes zu sensibilisieren. Es nehmen zahlreiche mit dem Datenschutz betraute Organisationen am Europ\u00e4ischen Datenschutztag teil.<\/p>\n<h3>Entstehung des Europ\u00e4ischen Datenschutztags<\/h3>\n<p>Schon seit 2007 wird der Europ\u00e4ische Datenschutztag allj\u00e4hrlich am 28. Januar begangen. Dieses Datum wurde ausgew\u00e4hlt, weil am 28. Januar 1981 die Europ\u00e4ische Datenschutzkonvention unterzeichnet wurde. Dabei handelt es sich um einen v\u00f6lkerrechtlichen Vertrag, durch den der Schutz sowie der grenz\u00fcberschreitende Austausch pers\u00f6nlicher Daten geregelt wird. Die offizielle Bezeichnung hei\u00dft &#8222;\u00dcbereinkommen zum Schutz des Menschen bei der automatischen Verarbeitung personenbezogener Daten (Konvention Nr. 108)&#8220;.<\/p>\n<p>Dieses \u00dcbereinkommen, welches schon \u00fcber 50 L\u00e4nder weltweit unterzeichnet haben, wird allj\u00e4hrlich aktualisiert, damit sichergestellt ist, dass die Prinzipien des Datenschutzes dem aktuellen Bedarf entsprechen. Die Vereinigten Staaten sowie Kanada schlossen sich 2008 dieser Initiative an. Zeitgleich mit dem Europ\u00e4ischen Datenschutztag wird in diesen Staaten der Data Privacy Day begangen.<\/p>\n<p>Der diesj\u00e4hrige und 13. Europ\u00e4ische Datenschutztag wird von der Datenschutzkonferenz (DSK) sowie dem Gremium der unabh\u00e4ngigen deutschen Datenschutzaufsichtsbeh\u00f6rden von Bund und L\u00e4ndern veranstaltet. Verschiedene Referenten werden an diesem Tag sprechen:<\/p>\n<ul>\n<li>Dorothee B\u00e4r, Beauftragte f\u00fcr Digitalisierung und Staatsministerin im Bundeskanzleramt<\/li>\n<li>Dr. Ulf Buermeyer, LL.M., Vorsitzender der Gesellschaft f\u00fcr Freiheitsrechte e. V. sowie wissenschaftlicher Mitarbeiter des VerfGH Berlin<\/li>\n<li>Gerd Billen, Staatssekret\u00e4r im Bundesjustizministerium und f\u00fcr Verbraucherschutz<\/li>\n<li>Dr. Markus Peifer, Referatsleiter der Abteilung Organisation und Recht im Zentralverband des Deutschen Handwerks e. V.<\/li>\n<li>Dr. Claus D. Ulmer, Global Data Privacy Officer der Deutschen Telekom AG<\/li>\n<li>Martin Selmayr, Generalsekret\u00e4r der Europ\u00e4ischen Kommission<\/li>\n<\/ul>\n<p>Bei der Vertretung des Landes Nordrhein-Westfalen des Bundes wird der Europ\u00e4ische Datenschutztag in Deutschland begangen. In Liechtenstein soll es eine zweite Veranstaltung mit dem Titel &#8222;Meine Daten geh\u00f6ren mir! Jetzt erst &#8222;Recht&#8220;!&#8220; geben. Hier wird es darum gehen, wie der in der DSGVO geforderte Datenschutz in der Praxis umgesetzt werden kann, wie User ihre Daten kontrollieren k\u00f6nnen und welche Rechte ihnen zustehen.<\/p>\n<h3>Welche L\u00e4nder unterst\u00fctzen den Aktionstag?<\/h3>\n<p>Seit 2007 macht der Aktionstag europaweit allj\u00e4hrlich auf die Datenschutzrechte der B\u00fcrgerinnen und B\u00fcrger aufmerksam. Die USA und Kanada unterst\u00fctzen den Aktionstag seit 2008, und stetig kommen weitere L\u00e4nder hinzu.<\/p>\n<p>Europaweit ist der Begriff &#8222;Data Protection Day&#8220; am gel\u00e4ufigsten. Au\u00dferhalb Europas wird eher der Begriff &#8222;Privacy Day&#8220; verwendet. Aufgrund der Tatsache, dass immer weitere L\u00e4nder hinzukommen, wird sich sicherlich der Begriff &#8222;Privacy Day&#8220; durchsetzen.<\/p>\n<h3>Themen beim Europ\u00e4ischen Datenschutztag 2019<\/h3>\n<p>Durch den diesj\u00e4hrigen Aktionstag wird der Wert von pers\u00f6nlichen Informationen im Mittelpunkt stehen \u2013 Daten sind &#8222;das neue Gold&#8220;. Aber auch die DSGVO wird eines der gro\u00dfen Themen sein: Hat diese die Erwartungen erf\u00fcllt? K\u00f6nnen st\u00e4rkere Datenschutzrechte von Einzelpersonen mit uneingeschr\u00e4nktem Datenverkehr vereinbart werden? Hat die DSGVO in diesem Spannungsverh\u00e4ltnis eine Chance, zu bestehen?<\/p>\n<p>Praxisnahe Erfahrungsberichte sollen helfen, aufzuzeigen, wo das neue Datenschutzrecht besondere Herausforderungen stellte und mit welchen L\u00f6sungen diese bestanden werden konnten. Auch ein Blick in die Zukunft soll geboten werden: Mit welchen Chancen und Risiken geht das neue Datenschutzrecht einher?<\/p>\n<h2>Wie Sie den Europ\u00e4ischen Datenschutztag unterst\u00fctzen k\u00f6nnen<\/h2>\n<p>Jeder kann einen Beitrag zum Datenschutz leisten! Machen Sie in Ihrem pers\u00f6nlichen Umfeld (Familie, Freunde, Kollegen, usw.) auf die Thematik Datenschutz aufmerksam. Au\u00dferdem:<\/p>\n<ul>\n<li>Lernen und verstehen: Pers\u00f6nliche Informationen sind wie bares Geld. Sch\u00fctzen Sie Ihre Informationen! Lernen und verstehen Sie, wie Apps und Websites ihre pers\u00f6nlichen Daten sammeln.<\/li>\n<li>Share with care: Denken Sie nach, bevor Sie Informationen \u00fcber sich oder andere online stellen. Wer kann Ihre Postings sehen? Denken Sie nicht nur an jetzt, sondern auch an sp\u00e4ter. So finden es die meisten Jugendlichen nicht sehr witzig, wenn noch heute Kinderfotos von ihnen im Netz herumgeistern.<\/li>\n<li>Ger\u00e4te sauber halten: Ob PC, Smartphone oder Tablet \u2013 achten Sie auf Ihre Ger\u00e4te! Spielen Sie Security-Updates zeitnah ein, sch\u00fctzen Sie Ihre Ger\u00e4te gegen Viren und andere Malware, verschl\u00fcsseln Sie Ihre Daten.<\/li>\n<li>Teilen Sie Ihr Wissen: Ob in der Schule Ihrer Kinder oder im Seniorenheim Ihrer Gro\u00dfmutter \u2013 geben Sie Ihr Wissen rund um den Datenschutz gro\u00dfz\u00fcgig an Andere weiter.<\/li>\n<\/ul>\n<p>Gerade im gesch\u00e4ftlichen Umfeld ist der Datenschutz ein komplexes Thema. Doch auch Sie k\u00f6nnen aktiv werden, indem Sie Partnerunternehmen an Ihrem Wissen teilhaben lassen. Schaffen Sie in Ihrer Organisation eine &#8222;Privacy-Kultur&#8220;, indem Sie Ihre Mitarbeiterinnen und Mitarbeiter f\u00fcr den Datenschutz sensibilisieren. Haben Sie Fragen zum Thema Datenschutz oder Mitarbeitersensibilisierung? Nehmen Sie <a href=\"https:\/\/www.psw-consulting.de\/#kontakt\">Kontakt<\/a> zu uns auf \u2013 das Team der PSW Consulting unterst\u00fctzt Sie gerne!<\/p>\n","protected":false},"excerpt":{"rendered":"<p>Die Digitalisierung ist im Gange \u2013 es werden immer mehr pers\u00f6nliche Daten verarbeitet. Oft jedoch wissen die Betroffenen gar nicht, was mit ihren Daten passiert oder welche Rechte ihnen zustehen. Deshalb findet am t mit dem Europ\u00e4ischen Datenschutztag ein Aktionstag statt, der Europas B\u00fcrgerinnen und B\u00fcrger f\u00fcr den Datenschutz sowie f\u00fcrs Recht auf informelle Selbstbestimmung &hellip; <\/p>\n<p class=\"read-more\"><a class=\"btn btn-default\" href=\"https:\/\/www.psw-consulting.de\/blog\/europaeischer-datenschutztag-aktionstag-fuer-das-recht-auf-informationelle-selbstbestimmung\/\"> Mehr Lesen<span class=\"screen-reader-text\">  Mehr Lesen<\/span><\/a><\/p>\n","protected":false},"author":6,"featured_media":5264,"comment_status":"open","ping_status":"open","sticky":false,"template":"","format":"standard","meta":{"footnotes":""},"categories":[1],"tags":[3],"class_list":["post-5257","post","type-post","status-publish","format-standard","has-post-thumbnail","hentry","category-informationssicherheit","tag-datenschutz"],"_links":{"self":[{"href":"https:\/\/www.psw-consulting.de\/blog\/wp-json\/wp\/v2\/posts\/5257","targetHints":{"allow":["GET"]}}],"collection":[{"href":"https:\/\/www.psw-consulting.de\/blog\/wp-json\/wp\/v2\/posts"}],"about":[{"href":"https:\/\/www.psw-consulting.de\/blog\/wp-json\/wp\/v2\/types\/post"}],"author":[{"embeddable":true,"href":"https:\/\/www.psw-consulting.de\/blog\/wp-json\/wp\/v2\/users\/6"}],"replies":[{"embeddable":true,"href":"https:\/\/www.psw-consulting.de\/blog\/wp-json\/wp\/v2\/comments?post=5257"}],"version-history":[{"count":7,"href":"https:\/\/www.psw-consulting.de\/blog\/wp-json\/wp\/v2\/posts\/5257\/revisions"}],"predecessor-version":[{"id":5265,"href":"https:\/\/www.psw-consulting.de\/blog\/wp-json\/wp\/v2\/posts\/5257\/revisions\/5265"}],"wp:featuredmedia":[{"embeddable":true,"href":"https:\/\/www.psw-consulting.de\/blog\/wp-json\/wp\/v2\/media\/5264"}],"wp:attachment":[{"href":"https:\/\/www.psw-consulting.de\/blog\/wp-json\/wp\/v2\/media?parent=5257"}],"wp:term":[{"taxonomy":"category","embeddable":true,"href":"https:\/\/www.psw-consulting.de\/blog\/wp-json\/wp\/v2\/categories?post=5257"},{"taxonomy":"post_tag","embeddable":true,"href":"https:\/\/www.psw-consulting.de\/blog\/wp-json\/wp\/v2\/tags?post=5257"}],"curies":[{"name":"wp","href":"https:\/\/api.w.org\/{rel}","templated":true}]}}